{"provider_url": "https://www.ibiuna.sp.leg.br", "title": "C\u00e2mara atende normalmente em julho", "html": "<p><span>O hor\u00e1rio de funcionamento da C\u00e2mara Municipal da Est\u00e2ncia Tur\u00edstica de Ibi\u00fana \u00e9 das 8 horas da manh\u00e3, \u00e0s 17 horas da tarde. E permanece assim mesmo em julho, quando ocorre o chamado recesso parlamentar. Isso significa que n\u00e3o h\u00e1 trabalho sendo feito no Poder Legislativo? Claro que n\u00e3o. As assessorias dos vereadores funcionam normalmente nos gabinetes e \u00e9 comum observar os vereadores frequentando a Casa. </span></p>\r\n<p><span>Isso se d\u00e1 por que o trabalho n\u00e3o para. Os vereadores seguem ouvindo as demandas da popula\u00e7\u00e3o e se movimentam em busca de solu\u00e7\u00f5es, al\u00e9m de conferirem e fiscalizarem obras e a\u00e7\u00f5es da Prefeitura Municipal.</span></p>\r\n<p><span><strong>Ponto facultativo -</strong> Apenas nos dias 8 e 9 de julho, segunda e ter\u00e7a-feira, as atividades na C\u00e2mara n\u00e3o funcionar\u00e3o, pois dia 9 \u00e9 feriado estadual e no dia 8 foi decretado Ponto Facultativo.</span></p>\r\n<p><span>Todos os dias centenas de cidad\u00e3os procuram a C\u00e2mara Municipal. Alguns levam uma rela\u00e7\u00e3o ou um pedido ao Poder P\u00fablico, outros procuram de algum tipo de aux\u00edlio junto a assessores, dos mais vari\u00e1veis, como confeccionar um curr\u00edculo, e pedir uma c\u00f3pia de lei (que pode ser conseguida tamb\u00e9m pela internet).</span></p>\r\n<p><span>Outra explica\u00e7\u00e3o importante \u00e9 quanto a uma medida administrativa tomada pela Prefeitura, que reduziu hor\u00e1rios de atendimento ao p\u00fablico, visando economizar. Como s\u00e3o Poderes P\u00fablicos independentes e harm\u00f4nicos, a decis\u00e3o administrativa de um n\u00e3o reflete no outro. Assim, confirma-se que o hor\u00e1rio de funcionamento da C\u00e2mara Municipal de Ibi\u00fana n\u00e3o foi alterado. </span></p>", "author_name": "pedro", "version": "1.0", "author_url": "https://www.ibiuna.sp.leg.br/author/pedro", "provider_name": "C\u00e2mara Municipal de Ibi\u00fana", "type": "rich"}