{"provider_url": "https://www.ibiuna.sp.leg.br", "title": "Convoca\u00e7\u00e3o para as Audi\u00eancias P\u00fablicas", "html": "<p>O presidente da C\u00e2mara Municipal da Est\u00e2ncia Tur\u00edstica de Ibi\u00fana, vereador Paulo C\u00e9sar Dias de Moraes/Paulinho Dias, em cumprimento de legisla\u00e7\u00e3o vigente, convida os membros de comiss\u00f5es setoriais da Casa, segmentos e entidades representativas, al\u00e9m de toda a popula\u00e7\u00e3o ibiunense para duas audi\u00eancias p\u00fablicas que ser\u00e3o realizadas no dia 24 de setembro, uma quinta-feira.</p>\r\n<p>A primeira ter\u00e1 in\u00edcio \u00e0s 8h30, e dever\u00e1 ter a presen\u00e7a dos secret\u00e1rios municipais de Finan\u00e7as e o de Rendas Internas e servir\u00e1 para demostra\u00e7\u00e3o e avalia\u00e7\u00e3o do cumprimento das metas fiscais do quadrimestre que passou, meses de maio, junho, julho e agosto deste ano, pelo Poder Executivo (Prefeitura).</p>\r\n<p>Nesta audi\u00eancia, representar\u00e3o a C\u00e2mara Municipal os membros da Comiss\u00e3o de Finan\u00e7as e Or\u00e7amento, formada pelos vereadores Ismael Martins Pereira (presidente), Naldo Firmino (vice) e Carlos Eduardo Pururuca (membro).</p>\r\n<p><b>Sa\u00fade p\u00fablica \u2013</b> A segunda audi\u00eancia p\u00fablica do dia 24 de setembro vai ser com a gestora do Sistema \u00danico de Sa\u00fade (SUS), a secret\u00e1ria municipal de Sa\u00fade, Juliana Prado, a partir das 11 horas.</p>\r\n<p>Ser\u00e3o apresentados relat\u00f3rios referente a atua\u00e7\u00e3o da pasta no quadrimestre que passou \u2013 meses de maio, junho, julho e agosto \u2013 como, por exemplo, o montante e fonte de recursos aplicados no per\u00edodo; auditorias realizads e suas recomenda\u00e7\u00f5es; oferta e produ\u00e7\u00e3o dos servi\u00e7os p\u00fablicos; atua\u00e7\u00e3o tanto na rede pr\u00f3pria como nas contratadas e conveniadas; e as informa\u00e7\u00f5es previstas no Relat\u00f3rio de Gest\u00e3o do SUS e RREO (Relat\u00f3rio Resumido de Execu\u00e7\u00e3o Or\u00e7ament\u00e1ria).</p>\r\n<p>Nesta segunda audi\u00eancia, representar\u00e3o a C\u00e2mara Municipal os membros da Comiss\u00e3o de Educa\u00e7\u00e3o, Sa\u00fade, Assist\u00eancia Social e Direitos da Pessoa com Defici\u00eancia, os vereadores Naldo Firmino (presidente da comiss\u00e3o), Lino Junior (vice-presidente) e Gerson Pedroso (membro).</p>", "author_name": "pedro", "version": "1.0", "author_url": "https://www.ibiuna.sp.leg.br/author/pedro", "provider_name": "C\u00e2mara Municipal de Ibi\u00fana", "type": "rich"}