{"provider_url": "https://www.ibiuna.sp.leg.br", "title": "Derrubados vetos do Executivo ", "html": "<p>A Sess\u00e3o Legislativa desta ter\u00e7a-feira, dia 26 de novembro, da C\u00e2mara Municipal da Est\u00e2ncia Tur\u00edstica de Ibi\u00fana, teve a discuss\u00e3o e vota\u00e7\u00e3o de vetos do prefeito Paulinho Sasaki a projetos de lei aprovados pelo Legislativo e que nomeavam \u2013 ou seja, oficializavam para o Poder P\u00fablico, permitindo integrar as casas ali pertencentes a servi\u00e7os como tratamento de \u00e1gua, esgoto, asfaltamento e servi\u00e7o dos Correios \u2013 ruas do munic\u00edpio de Ibi\u00fana.</p>\r\n<p>Os seis projetos foram propostos pelos vereadores Naldo Firmino (quatro) e Pururuca (dois) e tiveram os vetos do Poder Executivo derrubados por unanimidade dos vereadores presentes.</p>\r\n<p>\u00a0</p>\r\n<p><b>Vereadores recebem funcion\u00e1rios prestadores de servi\u00e7o da Sa\u00fade</b></p>\r\n<p>Antes de come\u00e7ar a Sess\u00e3o Legislativa, funcion\u00e1rios e representantes do Sindicato dos Prestadores de Servi\u00e7os de Osasco e Regi\u00e3o ocuparam a assist\u00eancia da C\u00e2mara e conversaram com vereadores sobre a falta de pagamento da Prefeitura junto a empresa MedLife, prestadora de servi\u00e7o. A falta de pagamento de sal\u00e1rio atinge, segundo relatos dos funcion\u00e1rios, os prestadores terceirizados dos postos de sa\u00fade de bairros de Ibi\u00fana.</p>\r\n<p>Os vereadores demostraram que n\u00e3o h\u00e1 projeto espec\u00edfico sobre destina\u00e7\u00e3o de verba para esse fim tramitando na C\u00e2mara, que essa demanda deve ser feita pelo Poder Executivo e que se solidarizam com os prestadores de servi\u00e7o, prometendo atuar junto \u00e0 Prefeitura para que tudo seja quitado.</p>\r\n<p>\u00a0</p>\r\n<p><b>A pr\u00f3xima sess\u00e3o</b> est\u00e1 marcada para dia 3 de dezembro, ter\u00e7a-feira, a partir das 9h30, sempre com transmiss\u00e3o pela TV C\u00e2mara Online, canal do Legislativo Municipal no YouTube - em:\u00a0 <a href=\"https://www.youtube.com/c/TVC%C3%A2maraIbi%C3%BAna/\">https://www.youtube.com/c/TVC\u00e2maraIbi\u00fana/</a>, onde tamb\u00e9m pode ser encontrada a grava\u00e7\u00e3o da \u00edntegra das sess\u00f5es.</p>", "author_name": "", "version": "1.0", "author_url": "https://www.ibiuna.sp.leg.br/author/imprensa", "provider_name": "C\u00e2mara Municipal de Ibi\u00fana", "type": "rich"}