{"provider_url": "https://www.ibiuna.sp.leg.br", "title": "Enfermeira \u00e9 homenageada pela C\u00e2mara", "html": "<p>A Sess\u00e3o Legislativa desta ter\u00e7a-feira, dia 14 de maio, teve a apresenta\u00e7\u00e3o, pelo vereador Geraldo Amaro, Aladim, de Mo\u00e7\u00e3o de Aplausos \u00e0 enfermeira Marta Raquel Fernandes Raul de Souza, em reconhecimento a sua contribui\u00e7\u00e3o \u00e0 Sa\u00fade de Ibi\u00fana.</p>\r\n<p><b>Hist\u00f3rico -</b> A enfermeira Marta nasceu em 1960, na cidade de Botucatu, e \u00e9 de uma fam\u00edlia humilde, com 17 irm\u00e3os. Desde muito jovem come\u00e7ou a trabalhar como empregada dom\u00e9stica e a ajudar em casa. Sempre teve talento para o canto e encantava os amigos com seu dom.</p>\r\n<p>Aos 18 anos parou os estudos e se dedicou \u00e0 Igreja com o pai enquanto trabalhava como empregada dom\u00e9stica. Em 1986, come\u00e7ou a trabalhar na Universidade Estadual Paulista (Unesp), como copeira, e l\u00e1 conheceu a enfermagem. Marta prestou uma prova e foi aprovada para ajudar enfermeiros nas tarefas do dia-a-dia do hospital universit\u00e1rio, em Botucatu.</p>\r\n<p>Ap\u00f3s esse primeiro contato, entrou num cursinho pr\u00e9-vestibular e foi aprovada na Universidade do Sagrado Cora\u00e7\u00e3o, em Bauru, concluindo a faculdade em 1990. Foi a primeira da fam\u00edlia a concluir o Ensino Superior, inspirando os irm\u00e3os.</p>\r\n<p>Tamb\u00e9m em 1990 Marta se casou com Dagoberto Gon\u00e7alves de Souza e veio morar na cidade de Ibi\u00fana, onde trabalhou como diretora do Hospital Municipal.</p>\r\n<p>Se aposentou em 2015 e, mesmo aposentada, trabalhou na enfermagem at\u00e9 o ano de 2020. Ao mesmo tempo que exercia a profiss\u00e3o no Hospital Municipal, trabalhou nas cidades de Mairinque e S\u00e3o Roque, e foi diretora no Hospital Psiqui\u00e1trico Vale das Hort\u00eansias, em Piedade.</p>\r\n<p>Tamb\u00e9m atuou como professora no curso de T\u00e9cnico e Auxiliar de Enfermagem em Ibi\u00fana.</p>\r\n<p>Em maio de 2023, foi homenageada no Ato de Outorga Pr\u00eamio Anua Nery, na Assembleia Legislativa de S\u00e3o Paulo, uma grande honra para todo enfermeiro por suas atua\u00e7\u00f5es e hist\u00f3rias vivenciadas durante a dedica\u00e7\u00e3o \u00e0 profiss\u00e3o.</p>\r\n<p>Marta est\u00e1 com 64 anos, criou duas filhas, Isabela e Nat\u00e1lia, \u00e9 av\u00f3 da beb\u00ea Olivia e um grande orgulho para toda sua fam\u00edlia.</p>", "author_name": "", "version": "1.0", "author_url": "https://www.ibiuna.sp.leg.br/author/imprensa", "provider_name": "C\u00e2mara Municipal de Ibi\u00fana", "type": "rich"}