{"provider_url": "https://www.ibiuna.sp.leg.br", "title": "Formadas as Comiss\u00f5es Permanentes ", "html": "<p>A sess\u00e3o desta ter\u00e7a-feira, dia 12 de fevereiro, da C\u00e2mara Municipal da Est\u00e2ncia Tur\u00edstica de Ibi\u00fana teve cumprimento do Regimento Interno e escolha dos l\u00edderes de bancadas e dos membros das Comiss\u00f5es Permanentes.</p>\r\n<p>O l\u00edder de bancada \u00e9 o que representa seu partido pol\u00edtico nos debates dentro do Poder Legislativo, em n\u00edvel municipal, a C\u00e2mara de Vereadores.</p>\r\n<p>E o que faz uma Comiss\u00e3o Permanente? Na C\u00e2mara, s\u00e3o discutidas mat\u00e9rias as mais variadas, tais como direito do consumidor, sa\u00fade, meio ambiente, educa\u00e7\u00e3o e tantas outras. Para tratar desses temas, a C\u00e2mara conta com as seguintes comiss\u00f5es parlamentares permanentes e que ficaram assim estabelecidas para o ano legislativo de 2019:</p>\r\n<p><b>Comiss\u00e3o de Reda\u00e7\u00e3o e Justi\u00e7a:</b> Devanil da Ressaca (presidente), Gerson Pedroso da Silvas (vice-presidente) e Claudinho Coragem (membro).<br /> <br /> <b>Comiss\u00e3o de Finan\u00e7as e Or\u00e7amento: </b>Abel Rodrigues de Camargo (presidente), Charles Guimar\u00e3es (vice-presidente) e Devanil da Ressaca (membro).<span>\u00a0</span></p>\r\n<p><b>Comiss\u00e3o de Obras, Servi\u00e7os P\u00fablicos e Atividades Privadas: </b>Pedr\u00e3o da \u00c1gua (presidente), Jair Marmelo (vice-presidente) e Paulinho Dias (membro).</p>\r\n<p><b>Comiss\u00e3o de Educa\u00e7\u00e3o, Sa\u00fade, Assist\u00eancia Social e Direitos da Pessoa com Defici\u00eancia:</b> Ismael Martins Pereira (vice-presidente), Charles Guimar\u00e3es (vice-presidente) e Naldo Firmino (membro).</p>\r\n<p><b>Homenagens \u2013 1 minuto de sil\u00eancio</b><span>\u00a0</span></p>\r\n<p>No encerramento da sess\u00e3o, foram homenageadas com um minuto de sil\u00eancio os cidad\u00e3os ibiunenses Ant\u00f4nio Amaral, Jo\u00e3o Ragusa e Terezinha da Silva.</p>\r\n<p>A homenagem tamb\u00e9m foi estendida \u00e0 mem\u00f3ria do conhecido jornalista Ricardo Boechat e do piloto do helic\u00f3ptero, Ronaldo Quattrucci, ambos mortos no terr\u00edvel acidente ocorrido nesta segunda-feira, no Rodoanel, na Grande S\u00e3o Paulo. E tamb\u00e9m aos dez adolescentes e jogadores de futebol mortos no inc\u00eandio no centro de treinamento do Clube de Regatas Flamengo, no Rio de Janeiro.</p>\r\n<p>\u00a0</p>\r\n<p><strong>A pr\u00f3xima sess\u00e3o</strong> ser\u00e1 dia 19 de fevereiro, a partir das 9h30.</p>", "author_name": "pedro", "version": "1.0", "author_url": "https://www.ibiuna.sp.leg.br/author/pedro", "provider_name": "C\u00e2mara Municipal de Ibi\u00fana", "type": "rich"}